{"id":15692,"date":"2026-08-27T08:09:15","date_gmt":"2026-08-27T13:09:15","guid":{"rendered":"https:\/\/neuroeconomix.com\/?p=15692"},"modified":"2026-08-27T08:09:17","modified_gmt":"2026-08-27T13:09:17","slug":"la-financiacion-de-la-atencion-en-salud-en-los-desastres-naturales","status":"publish","type":"post","link":"https:\/\/neuroeconomix.com\/es\/la-financiacion-de-la-atencion-en-salud-en-los-desastres-naturales\/","title":{"rendered":"La financiaci\u00f3n de la atenci\u00f3n en salud en los desastres naturales"},"content":{"rendered":"\n<p class=\"has-text-align-center wp-block-paragraph\"><\/p>\n\n\n\n<blockquote class=\"wp-block-quote is-layout-flow wp-block-quote-is-layout-flow\">\n<p class=\"has-text-align-left wp-block-paragraph\">Un desastre natural, como el terremoto que recientemente afect\u00f3 a nuestro pa\u00eds, obliga a garantizar una adecuada atenci\u00f3n en salud a los heridos.<\/p>\n<\/blockquote>\n\n\n\n<hr class=\"wp-block-separator has-alpha-channel-opacity\"\/>\n\n\n\n<p class=\"wp-block-paragraph\"><\/p>\n\n\n\n<p class=\"wp-block-paragraph\">Contar con los recursos humanos, tecnol\u00f3gicos y de infraestructura es fundamental para evitar m\u00e1s muertos o incapacidades permanentes a las v\u00edctimas del desastre.<\/p>\n\n\n\n<p class=\"wp-block-paragraph\">As\u00edmismo, tener la disponibilidad de los recursos financieros hace m\u00e1s \u00e1gil la atenci\u00f3n en salud y a su vez garantiza la protecci\u00f3n econ\u00f3mica para los afectados que no tendr\u00e1n que desembolsar dinero para recibir la atenci\u00f3n. De igual manera para las entidades sanitarias encargadas de prestar esos servicios que recibir\u00e1n el correspondiente pago por las atenciones a los heridos por el desastre.<\/p>\n\n\n\n<p class=\"wp-block-paragraph\">En Colombia, desde la Ley 100 de 1993 se estableci\u00f3 un mecanismo para sufragar los gastos de atenci\u00f3n en salud que se derivan de un desastre natural, el cual explicamos a continuaci\u00f3n.<\/p>\n\n\n\n<h5 class=\"wp-block-heading\"><strong><mark style=\"background-color:rgba(0, 0, 0, 0)\" class=\"has-inline-color has-theme-palette-1-color\">La definici\u00f3n de evento catastr\u00f3fico de origen natural<\/mark><\/strong><\/h5>\n\n\n\n<p class=\"wp-block-paragraph\">La oficina de la Organizaci\u00f3n de la Naciones Unidas para la reducci\u00f3n del riesgo de desastres, define desastre como: <em>\u201cuna alteraci\u00f3n grave del funcionamiento de una comunidad o sociedad a cualquier escala debido a eventos peligrosos que interact\u00faan con condiciones de exposici\u00f3n, vulnerabilidad y capacidad, lo que conlleva una o m\u00e1s de las siguientes p\u00e9rdidas e impactos humanos, materiales, econ\u00f3micos y ambientales\u201d.<a href=\"#_ftn1\" id=\"_ftnref1\"><strong>[1]<\/strong><\/a><\/em><em><\/em><\/p>\n\n\n\n<p class=\"wp-block-paragraph\">En la legislaci\u00f3n colombianase incluyen como eventos catastr\u00f3ficos de origen natural: <em>\u201clos sismos, maremotos, erupciones volc\u00e1nicas, deslizamientos de tierra, inundaciones, avalanchas, vendavales, huracanes, tornados, incendios y rayos que producen da\u00f1os en la salud o la muerte de personas.\u201d<a href=\"#_ftn2\" id=\"_ftnref2\"><strong>[2]<\/strong><\/a><\/em><em><\/em><\/p>\n\n\n\n<h5 class=\"wp-block-heading has--font-size\"><strong><mark style=\"background-color:rgba(0, 0, 0, 0)\" class=\"has-inline-color has-theme-palette-1-color\">El r\u00e9gimen de beneficios<a id=\"_ftnref3\" href=\"#_ftn3\"><strong>[3]<\/strong><\/a><\/mark><\/strong><\/h5>\n\n\n\n<p class=\"wp-block-paragraph\">En la Ley 100 de 1993 se defini\u00f3 que dentro del r\u00e9gimen de beneficios est\u00e1n los riesgos catastr\u00f3ficos y accidentes de tr\u00e1nsito.<\/p>\n\n\n\n<p class=\"wp-block-paragraph\">Dentro de los riesgos catastr\u00f3ficos se encuentran acciones terroristas ocasionadas por bombas o artefactos explosivos y cat\u00e1strofes naturales.<\/p>\n\n\n\n<h5 class=\"wp-block-heading has--font-size\"><mark style=\"background-color:rgba(0, 0, 0, 0)\" class=\"has-inline-color has-theme-palette-1-color\"><strong>La atenci\u00f3n en salud<\/strong> <\/mark><\/h5>\n\n\n\n<p class=\"wp-block-paragraph\">Para los eventos antes descritos la atenci\u00f3n en salud incluye: <em>\u201clos servicios m\u00e9dico-quir\u00fargicos, indemnizaci\u00f3n por incapacidad permanente y por muerte, gastos funerarios y gastos de transporte al centro asistencial\u201d<a href=\"#_ftn4\" id=\"_ftnref4\"><strong>[4]<\/strong><\/a><\/em><em><\/em><\/p>\n\n\n\n<p class=\"wp-block-paragraph\">Es decir que adem\u00e1s de los servicios de salud, hay coberturas como las antes mencionadas cuando estas son causadas por un evento catastr\u00f3fico.<\/p>\n\n\n\n<h5 class=\"wp-block-heading\"><strong><mark style=\"background-color:rgba(0, 0, 0, 0)\" class=\"has-inline-color has-theme-palette-1-color\">La financiaci\u00f3n<\/mark><\/strong><\/h5>\n\n\n\n<p class=\"wp-block-paragraph\">En la Ley 100 se cre\u00f3 el Fondo de Solidaridad y Garant\u00eda (Fosyga)<a href=\"#_ftn5\" id=\"_ftnref5\">[5]<\/a>, el cual ten\u00eda una subcuenta denominada: <em>\u201cDel seguro de riesgos catastr\u00f3ficos y accidentes de tr\u00e1nsito\u201d<a href=\"#_ftn6\" id=\"_ftnref6\"><strong>[6]<\/strong><\/a><\/em><em><\/em><\/p>\n\n\n\n<p class=\"wp-block-paragraph\">La financiaci\u00f3n de la mencionada cuenta era la siguiente<a href=\"#_ftn7\" id=\"_ftnref7\">[7]<\/a>:<\/p>\n\n\n\n<p class=\"wp-block-paragraph\"><em>\u201ca) Los recursos del FONSAT, creado por el decreto-<a><\/a>Ley 1032 de 1991, de conformidad con la presente<a><\/a>&nbsp;Ley;<\/em><em><\/em><\/p>\n\n\n\n<p class=\"wp-block-paragraph\"><em>b) Una contribuci\u00f3n equivalente al 52% del valor de la prima anual establecida para el seguro obligatorio de accidente de tr\u00e1nsito, que se cobrara en adici\u00f3n a ella;<\/em><em><\/em><\/p>\n\n\n\n<p class=\"wp-block-paragraph\"><em>c) Cuando se extinga el Fondo de Solidaridad y Emergencia Social de la Presidencia de la Rep\u00fablica, los aportes presupuestales de este Fondo para las v\u00edctimas del terrorismo se trasladar\u00e1n al Fondo de Solidaridad y Garant\u00eda.\u201d<\/em><em><\/em><\/p>\n\n\n\n<p class=\"wp-block-paragraph\"><a><\/a>Estos recursos ser\u00edan complementados por los destinados por las entidades territoriales para la atenci\u00f3n hospitalaria de las urgencias.<\/p>\n\n\n\n<h5 class=\"wp-block-heading\"><strong><mark style=\"background-color:rgba(0, 0, 0, 0)\" class=\"has-inline-color has-theme-palette-1-color\">Los ajustes por la creaci\u00f3n de la ADRES<\/mark><\/strong><\/h5>\n\n\n\n<p class=\"wp-block-paragraph\">La Administradora de los Recursos del Sistema General de Seguridad Social en Salud (ADRES) fue creada en el art\u00edculo 66 de la Ley 1753 de 2015 (Plan Nacional de Desarrollo 2014-2018).<\/p>\n\n\n\n<p class=\"wp-block-paragraph\">En la referida norma se estableci\u00f3 como funci\u00f3n de la ADRES el manejo de los dineros para cubrir los eventos catastr\u00f3ficos y accidentes de tr\u00e1nsito.<\/p>\n\n\n\n<p class=\"wp-block-paragraph\">Posteriormente en el cap\u00edtulo cuarto del Decreto 780 de 2016 se compilaron las normas correspondientes a la cuenta de seguros de riesgos catastr\u00f3ficos y accidentes de tr\u00e1nsito (ECAT).<\/p>\n\n\n\n<p class=\"wp-block-paragraph\">La financiaci\u00f3n de la subcuenta ECAT se defini\u00f3 de la siguiente manera<a href=\"#_ftn8\" id=\"_ftnref8\">[8]<\/a>:<\/p>\n\n\n\n<p class=\"wp-block-paragraph\"><a><\/a><em>\u201c1. Las transferencias efectuadas por las entidades aseguradoras autorizadas para expedir el SOAT, constituidas por la diferencia entre el 20% del valor de las primas emitidas en el bimestre inmediatamente anterior y el monto definido por el Ministerio de Salud y Protecci\u00f3n Social para cubrir el pago de las indemnizaciones correspondientes al amparo de gastos m\u00e9dicos, quir\u00fargicos, farmac\u00e9uticos, hospitalarios y el total de costos asociados al proceso de reconocimiento\u2026<\/em><em><\/em><\/p>\n\n\n\n<p class=\"wp-block-paragraph\"><em>(\u2026)<\/em><em><\/em><\/p>\n\n\n\n<p class=\"wp-block-paragraph\"><a><\/a><em>2. Una contribuci\u00f3n equivalente al cincuenta por ciento (50%) del valor de la prima anual establecida para el SOAT, que se cobrar\u00e1 en adici\u00f3n a ella. Las compa\u00f1\u00edas aseguradoras autorizadas para su expedici\u00f3n, estar\u00e1n obligadas a recaudar esta contribuci\u00f3n y a transferirla en su totalidad al Fondo de Solidaridad y Garant\u00eda (Fosyga), dentro de los diez (10) primeros d\u00edas h\u00e1biles de cada mes.<\/em><em><\/em><\/p>\n\n\n\n<p class=\"wp-block-paragraph\"><a><\/a><em>3. Los recursos que por cualquier medio recupere el Fondo de Solidaridad y Garant\u00eda (Fosyga), que haya pagado con ocasi\u00f3n de la atenci\u00f3n a personas por un accidente de tr\u00e1nsito, cuando exista incumplimiento del propietario del veh\u00edculo automotor de la obligaci\u00f3n de adquirir el SOAT.\u201d<\/em><em><\/em><\/p>\n\n\n\n<p class=\"wp-block-paragraph\">Con relaci\u00f3n a los servicios que deben brindarse a las v\u00edctimas de los eventos catastr\u00f3ficos, los cuales deben ser cobrados a la ADRES por las instituciones que los prestaron, se estableci\u00f3 lo siguiente<a href=\"#_ftn9\" id=\"_ftnref9\">[9]<\/a>:<\/p>\n\n\n\n<p class=\"wp-block-paragraph\"><a><\/a><em>\u201c1. Atenci\u00f3n inicial de urgencias y atenci\u00f3n de urgencias.<\/em><em><\/em><\/p>\n\n\n\n<p class=\"wp-block-paragraph\"><a><\/a><em>2. Atenciones ambulatorias intramurales.<\/em><em><\/em><\/p>\n\n\n\n<p class=\"wp-block-paragraph\"><a><\/a><em>3. Atenciones con internaci\u00f3n.<\/em><em><\/em><\/p>\n\n\n\n<p class=\"wp-block-paragraph\"><a><\/a><em>4. Suministro de dispositivos m\u00e9dicos, material m\u00e9dico-quir\u00fargico, osteos\u00edntesis, \u00f3rtesis y pr\u00f3tesis.<\/em><em><\/em><\/p>\n\n\n\n<p class=\"wp-block-paragraph\"><a><\/a><em>5. Suministro de medicamentos.<\/em><em><\/em><\/p>\n\n\n\n<p class=\"wp-block-paragraph\"><a><\/a><em>6. Tratamientos y procedimientos quir\u00fargicos.<\/em><em><\/em><\/p>\n\n\n\n<p class=\"wp-block-paragraph\"><a><\/a><em>7. Traslado asistencial de pacientes.<\/em><em><\/em><\/p>\n\n\n\n<p class=\"wp-block-paragraph\"><a><\/a><em>8. Servicios de apoyo diagn\u00f3stico y terap\u00e9utico.<\/em><em><\/em><\/p>\n\n\n\n<p class=\"wp-block-paragraph\"><a><\/a><em>9. Rehabilitaci\u00f3n f\u00edsica.<\/em><em><\/em><\/p>\n\n\n\n<p class=\"wp-block-paragraph\"><a><\/a><em>10. Rehabilitaci\u00f3n mental.\u201d<\/em><em><\/em><\/p>\n\n\n\n<p class=\"wp-block-paragraph\">Como se puede evidenciar del listado anterior, la atenci\u00f3n integral de cualquier ciudadano que haya sido v\u00edctima de un evento catastr\u00f3fico se encuentra financieramente garantizada, incluida la rehabilitaci\u00f3n f\u00edsica y mental.<\/p>\n\n\n\n<p class=\"wp-block-paragraph\">Al igual que lo establecido en la ley 100, adem\u00e1s de la atenci\u00f3n en salud se reconoce un pago de indemnizaci\u00f3n por incapacidad permanente<a href=\"#_ftn10\" id=\"_ftnref10\">[10]<\/a>, indemnizaci\u00f3n por muerte, gastos funerarios<a href=\"#_ftn11\" id=\"_ftnref11\">[11]<\/a> y gastos de transporte<a href=\"#_ftn12\" id=\"_ftnref12\"><strong><em><strong>[12]<\/strong><\/em><\/strong><\/a><\/p>\n\n\n\n<p class=\"wp-block-paragraph\">Para la solicitud de reclamaci\u00f3n y pago de cada una de las prestaciones antes mencionadas existen requisitos y documentos que se encuentran establecidos en los art\u00edculos subsiguientes a los que definen dichas prestaciones.<\/p>\n\n\n\n<p class=\"wp-block-paragraph\">Dentro de los 30 d\u00edas siguientes, el Consejo Municipal de gesti\u00f3n del Riesgo de Desastres deber\u00e1 elaborar un censo<a href=\"#_ftn13\" id=\"_ftnref13\">[13]<\/a> de la poblaci\u00f3n v\u00edctima de evento catastr\u00f3fico y enviarlo al ministerio de salud y protecci\u00f3n social. La inclusi\u00f3n en el referido censo es condici\u00f3n indispensable para el reconocimiento como v\u00edctima y el eventual pago de los servicios de salud, las indemnizaciones y gastos previamente mencionados.&nbsp;<\/p>\n\n\n\n<p class=\"wp-block-paragraph\">Finalmente, consideramos importante mencionar que la ADRES expidi\u00f3 el pasado 10 de agosto un comunicado<a href=\"#_ftn14\" id=\"_ftnref14\">[14]<\/a> orientando a las v\u00edctimas del terremoto en el cual se explican los tipos de reconocimientos a los que tienen derecho las v\u00edctimas, as\u00ed como la manera de consultar los requisitos y documentos para su cobro.&nbsp;<\/p>\n\n\n\n<hr class=\"wp-block-separator has-alpha-channel-opacity\"\/>\n\n\n\n<h5 class=\"wp-block-heading has--font-size\"><strong><mark style=\"background-color:rgba(0, 0, 0, 0)\" class=\"has-inline-color has-theme-palette-1-color\">Referencias<\/mark><\/strong><\/h5>\n\n\n\n<p class=\"wp-block-paragraph\"><a id=\"_ftn1\" href=\"#_ftnref1\">[1]<\/a> Concepto tomado de la direcci\u00f3n electr\u00f3nica: <a href=\"https:\/\/www.undrr.org\/terminology\/disaster\" target=\"_blank\" rel=\"noreferrer noopener\">https:\/\/www.undrr.org\/terminology\/disaster<\/a><\/p>\n\n\n\n<p class=\"wp-block-paragraph\"><a href=\"#_ftnref2\" id=\"_ftn2\">[2]<\/a> Seg\u00fan lo establecido en el art\u00edculo 2.6.1.4.3. del Decreto No. 780 de 2016. <strong><em>&nbsp;<\/em><\/strong><\/p>\n\n\n\n<p class=\"wp-block-paragraph\"><a href=\"#_ftnref3\" id=\"_ftn3\">[3]<\/a> Para mayor precisi\u00f3n se sugiere revisar el Cap\u00edtulo III &#8211; r\u00e9gimen de beneficios de la Ley 100 de 1993.<\/p>\n\n\n\n<p class=\"wp-block-paragraph\"><a href=\"#_ftnref4\" id=\"_ftn4\">[4]<\/a> Seg\u00fan lo establecido en el art\u00edculo 167 de la Ley 100 de 1993.<\/p>\n\n\n\n<p class=\"wp-block-paragraph\"><a href=\"#_ftnref5\" id=\"_ftn5\">[5]<\/a> Art\u00edculo 218 de la Ley 100 de 1993.<\/p>\n\n\n\n<p class=\"wp-block-paragraph\"><a href=\"#_ftnref6\" id=\"_ftn6\">[6]<\/a> Art\u00edculo 219 de la Ley 100 de 1993<\/p>\n\n\n\n<p class=\"wp-block-paragraph\"><a href=\"#_ftnref7\" id=\"_ftn7\">[7]<\/a> Art\u00edculo 223 de la Ley 100 de 1993.<\/p>\n\n\n\n<p class=\"wp-block-paragraph\"><a href=\"#_ftnref8\" id=\"_ftn8\">[8]<\/a> Art\u00edculo 2.6.1.4.1.1. del Decreto 760 de 2016.<\/p>\n\n\n\n<p class=\"wp-block-paragraph\"><a href=\"#_ftnref9\" id=\"_ftn9\">[9]<\/a> art\u00edculo 2.6.1.4.2.1 del Decreto 780 de 2016<\/p>\n\n\n\n<p class=\"wp-block-paragraph\"><a href=\"#_ftnref10\" id=\"_ftn10\">[10]<\/a> Art\u00edculo 2.6.1.4.2.6. del Decreto 780 de 2016<\/p>\n\n\n\n<p class=\"wp-block-paragraph\"><a href=\"#_ftnref11\" id=\"_ftn11\">[11]<\/a> Art\u00edculo 2.6.1.4.2.11. del Decreto 780 de 2016<\/p>\n\n\n\n<p class=\"wp-block-paragraph\"><a href=\"#_ftnref12\" id=\"_ftn12\">[12]<\/a> Art\u00edculo 2.6.1.4.2.15. del Decreto 780 de 2016<\/p>\n\n\n\n<p class=\"wp-block-paragraph\"><a href=\"#_ftnref13\" id=\"_ftn13\">[13]<\/a> Art\u00edculo 2.6.1.4.3.9. del decreto 780 de 2016.<\/p>\n\n\n\n<p class=\"wp-block-paragraph\"><a id=\"_ftn14\" href=\"#_ftnref14\">[14]<\/a>El comunicado completo se puede consultar en la siguiente direcci\u00f3n electr\u00f3nica: <a href=\"https:\/\/www.adres.gov.co\/noticias\/comunicado-para-las-victimas-del-terremoto\" target=\"_blank\" rel=\"noreferrer noopener\">https:\/\/www.adres.gov.co\/noticias\/comunicado-para-las-victimas-del-terremoto<\/a><\/p>\n\n\n\n<p class=\"wp-block-paragraph\"><a id=\"_msocom_1\"><\/a><\/p>\n\n\n\n<hr class=\"wp-block-separator has-alpha-channel-opacity\"\/>\n\n\n\n<p class=\"wp-block-paragraph\"><\/p>\n","protected":false},"excerpt":{"rendered":"<p>Un desastre natural, como el terremoto que recientemente afect\u00f3 a nuestro pa\u00eds, obliga a garantizar una adecuada atenci\u00f3n en salud a los heridos.<\/p>\n","protected":false},"author":9,"featured_media":15693,"comment_status":"open","ping_status":"closed","sticky":false,"template":"","format":"standard","meta":{"inline_featured_image":false,"_kad_blocks_custom_css":"","_kad_blocks_head_custom_js":"","_kad_blocks_body_custom_js":"","_kad_blocks_footer_custom_js":"","_kadence_starter_templates_imported_post":false,"_kad_post_transparent":"","_kad_post_title":"","_kad_post_layout":"","_kad_post_sidebar_id":"","_kad_post_content_style":"","_kad_post_vertical_padding":"","_kad_post_feature":"","_kad_post_feature_position":"","_kad_post_header":false,"_kad_post_footer":false,"_kad_post_classname":"","footnotes":""},"categories":[4,8],"tags":[104,165,726,597,921,920,97,549,485,437,141,441,53,106,687,727,767,556,125,674,143,59],"ppma_author":[743],"class_list":["post-15692","post","type-post","status-publish","format-standard","has-post-thumbnail","hentry","category-blog","category-sistema-de-salud","tag-adres","tag-blog","tag-blog-salud","tag-decreto-780-de-2016","tag-decreto-ley-1032-de-1991","tag-desastres-naturales","tag-eps","tag-fonsat","tag-hospitales-publicos","tag-industria-farmaceutica","tag-ips","tag-ley-100-de-1993","tag-medicamentos","tag-minsalud","tag-msps","tag-noticias-salud","tag-profesionales-de-salud","tag-salud-colombia","tag-salud-publica","tag-sector-farmaceutico","tag-sector-salud","tag-sistema-de-salud"],"taxonomy_info":{"category":[{"value":4,"label":"Blogs Publicados"},{"value":8,"label":"Sistema de Salud"}],"post_tag":[{"value":104,"label":"ADRES"},{"value":165,"label":"blog"},{"value":726,"label":"blog salud"},{"value":597,"label":"Decreto 780 de 2016"},{"value":921,"label":"decreto-Ley 1032 de 1991"},{"value":920,"label":"desastres naturales"},{"value":97,"label":"EPS"},{"value":549,"label":"FONSAT"},{"value":485,"label":"hospitales p\u00fablicos"},{"value":437,"label":"industria farmac\u00e9utica"},{"value":141,"label":"IPS"},{"value":441,"label":"ley 100 de 1993"},{"value":53,"label":"medicamentos"},{"value":106,"label":"MINSALUD"},{"value":687,"label":"MSPS"},{"value":727,"label":"noticias salud"},{"value":767,"label":"profesionales de salud"},{"value":556,"label":"salud Colombia"},{"value":125,"label":"salud p\u00fablica"},{"value":674,"label":"sector farmac\u00e9utico"},{"value":143,"label":"sector salud"},{"value":59,"label":"sistema de salud"}]},"featured_image_src_large":["https:\/\/neuroeconomix.com\/wp-content\/uploads\/2026\/08\/Portadas-Blog-NEX-Atencion-salud-en-desastres.png",640,427,false],"author_info":{"display_name":"Francisco Jos\u00e9 Garc\u00eda Lara","author_link":"https:\/\/neuroeconomix.com\/es\/author\/fgarcia\/"},"comment_info":0,"category_info":[{"term_id":4,"name":"Blogs Publicados","slug":"blog","term_group":0,"term_taxonomy_id":4,"taxonomy":"category","description":"","parent":0,"count":92,"filter":"raw","cat_ID":4,"category_count":92,"category_description":"","cat_name":"Blogs Publicados","category_nicename":"blog","category_parent":0},{"term_id":8,"name":"Sistema de Salud","slug":"sistema-de-salud","term_group":0,"term_taxonomy_id":8,"taxonomy":"category","description":"","parent":0,"count":90,"filter":"raw","cat_ID":8,"category_count":90,"category_description":"","cat_name":"Sistema de Salud","category_nicename":"sistema-de-salud","category_parent":0}],"tag_info":[{"term_id":104,"name":"ADRES","slug":"adres","term_group":0,"term_taxonomy_id":104,"taxonomy":"post_tag","description":"","parent":0,"count":13,"filter":"raw"},{"term_id":165,"name":"blog","slug":"blog","term_group":0,"term_taxonomy_id":165,"taxonomy":"post_tag","description":"","parent":0,"count":29,"filter":"raw"},{"term_id":726,"name":"blog salud","slug":"blog-salud","term_group":0,"term_taxonomy_id":726,"taxonomy":"post_tag","description":"","parent":0,"count":33,"filter":"raw"},{"term_id":597,"name":"Decreto 780 de 2016","slug":"decreto-780-de-2016","term_group":0,"term_taxonomy_id":597,"taxonomy":"post_tag","description":"","parent":0,"count":2,"filter":"raw"},{"term_id":921,"name":"decreto-Ley 1032 de 1991","slug":"decreto-ley-1032-de-1991","term_group":0,"term_taxonomy_id":921,"taxonomy":"post_tag","description":"","parent":0,"count":1,"filter":"raw"},{"term_id":920,"name":"desastres naturales","slug":"desastres-naturales","term_group":0,"term_taxonomy_id":920,"taxonomy":"post_tag","description":"","parent":0,"count":1,"filter":"raw"},{"term_id":97,"name":"EPS","slug":"eps","term_group":0,"term_taxonomy_id":97,"taxonomy":"post_tag","description":"","parent":0,"count":33,"filter":"raw"},{"term_id":549,"name":"FONSAT","slug":"fonsat","term_group":0,"term_taxonomy_id":549,"taxonomy":"post_tag","description":"","parent":0,"count":1,"filter":"raw"},{"term_id":485,"name":"hospitales p\u00fablicos","slug":"hospitales-publicos","term_group":0,"term_taxonomy_id":485,"taxonomy":"post_tag","description":"","parent":0,"count":3,"filter":"raw"},{"term_id":437,"name":"industria farmac\u00e9utica","slug":"industria-farmaceutica","term_group":0,"term_taxonomy_id":437,"taxonomy":"post_tag","description":"","parent":0,"count":62,"filter":"raw"},{"term_id":141,"name":"IPS","slug":"ips","term_group":0,"term_taxonomy_id":141,"taxonomy":"post_tag","description":"","parent":0,"count":31,"filter":"raw"},{"term_id":441,"name":"ley 100 de 1993","slug":"ley-100-de-1993","term_group":0,"term_taxonomy_id":441,"taxonomy":"post_tag","description":"","parent":0,"count":9,"filter":"raw"},{"term_id":53,"name":"medicamentos","slug":"medicamentos","term_group":0,"term_taxonomy_id":53,"taxonomy":"post_tag","description":"","parent":0,"count":55,"filter":"raw"},{"term_id":106,"name":"MINSALUD","slug":"minsalud","term_group":0,"term_taxonomy_id":106,"taxonomy":"post_tag","description":"","parent":0,"count":49,"filter":"raw"},{"term_id":687,"name":"MSPS","slug":"msps","term_group":0,"term_taxonomy_id":687,"taxonomy":"post_tag","description":"","parent":0,"count":20,"filter":"raw"},{"term_id":727,"name":"noticias salud","slug":"noticias-salud","term_group":0,"term_taxonomy_id":727,"taxonomy":"post_tag","description":"","parent":0,"count":29,"filter":"raw"},{"term_id":767,"name":"profesionales de salud","slug":"profesionales-de-salud","term_group":0,"term_taxonomy_id":767,"taxonomy":"post_tag","description":"","parent":0,"count":10,"filter":"raw"},{"term_id":556,"name":"salud Colombia","slug":"salud-colombia","term_group":0,"term_taxonomy_id":556,"taxonomy":"post_tag","description":"","parent":0,"count":38,"filter":"raw"},{"term_id":125,"name":"salud p\u00fablica","slug":"salud-publica","term_group":0,"term_taxonomy_id":125,"taxonomy":"post_tag","description":"","parent":0,"count":64,"filter":"raw"},{"term_id":674,"name":"sector farmac\u00e9utico","slug":"sector-farmaceutico","term_group":0,"term_taxonomy_id":674,"taxonomy":"post_tag","description":"","parent":0,"count":36,"filter":"raw"},{"term_id":143,"name":"sector salud","slug":"sector-salud","term_group":0,"term_taxonomy_id":143,"taxonomy":"post_tag","description":"","parent":0,"count":17,"filter":"raw"},{"term_id":59,"name":"sistema de salud","slug":"sistema-de-salud","term_group":0,"term_taxonomy_id":59,"taxonomy":"post_tag","description":"","parent":0,"count":74,"filter":"raw"}],"authors":[{"term_id":743,"user_id":9,"is_guest":0,"slug":"fgarcia","display_name":"Francisco Jos\u00e9 Garc\u00eda Lara","avatar_url":"https:\/\/neuroeconomix.com\/wp-content\/uploads\/2025\/02\/profiole-neuro007-150x150.png","0":null,"1":"","2":"","3":"","4":"","5":"","6":"","7":"","8":""}],"_links":{"self":[{"href":"https:\/\/neuroeconomix.com\/es\/wp-json\/wp\/v2\/posts\/15692","targetHints":{"allow":["GET"]}}],"collection":[{"href":"https:\/\/neuroeconomix.com\/es\/wp-json\/wp\/v2\/posts"}],"about":[{"href":"https:\/\/neuroeconomix.com\/es\/wp-json\/wp\/v2\/types\/post"}],"author":[{"embeddable":true,"href":"https:\/\/neuroeconomix.com\/es\/wp-json\/wp\/v2\/users\/9"}],"replies":[{"embeddable":true,"href":"https:\/\/neuroeconomix.com\/es\/wp-json\/wp\/v2\/comments?post=15692"}],"version-history":[{"count":1,"href":"https:\/\/neuroeconomix.com\/es\/wp-json\/wp\/v2\/posts\/15692\/revisions"}],"predecessor-version":[{"id":15694,"href":"https:\/\/neuroeconomix.com\/es\/wp-json\/wp\/v2\/posts\/15692\/revisions\/15694"}],"wp:featuredmedia":[{"embeddable":true,"href":"https:\/\/neuroeconomix.com\/es\/wp-json\/wp\/v2\/media\/15693"}],"wp:attachment":[{"href":"https:\/\/neuroeconomix.com\/es\/wp-json\/wp\/v2\/media?parent=15692"}],"wp:term":[{"taxonomy":"category","embeddable":true,"href":"https:\/\/neuroeconomix.com\/es\/wp-json\/wp\/v2\/categories?post=15692"},{"taxonomy":"post_tag","embeddable":true,"href":"https:\/\/neuroeconomix.com\/es\/wp-json\/wp\/v2\/tags?post=15692"},{"taxonomy":"author","embeddable":true,"href":"https:\/\/neuroeconomix.com\/es\/wp-json\/wp\/v2\/ppma_author?post=15692"}],"curies":[{"name":"wp","href":"https:\/\/api.w.org\/{rel}","templated":true}]}}